{"id":22191,"date":"2026-06-18T11:46:17","date_gmt":"2026-06-18T11:46:17","guid":{"rendered":"https:\/\/www.yyachts.de\/?p=22191"},"modified":"2026-06-18T11:46:29","modified_gmt":"2026-06-18T11:46:29","slug":"yyachts-rafforza-il-proprio-team-manageriale","status":"publish","type":"post","link":"https:\/\/www.yyachts.de\/it\/yyachts-rafforza-il-proprio-team-manageriale\/","title":{"rendered":"YYachts rafforza il proprio team manageriale"},"content":{"rendered":"<p><strong><em>Gregor Bredenbeck entra a far parte del nostro team con la responsabilit\u00e0 delle vendite e dell&#8217;espansione internazionale.<\/em><\/strong><\/p>\n<p><strong>\u00a0<\/strong>Mentre celebriamo il nostro decimo anniversario, stiamo ampliando la nostra organizzazione commerciale. Dal 1\u00b0 giugno, Gregor Bredenbeck ha assunto la responsabilit\u00e0 delle nostre attivit\u00e0 di vendita a livello mondiale. Oltre a guidare il settore vendite, si occuper\u00e0 di promuovere l&#8217;internazionalizzazione del nostro marchio e di ampliare ulteriormente le nostre attivit\u00e0 di brokerage e charter.<\/p>\n<p>Bredenbeck porta nel nostro team decenni di esperienza nel settore. Ha iniziato la sua carriera nel 1990 costruendo yacht da regata, prima di passare alla vendita di yacht di lusso, dove ha lavorato per molti anni con una clientela internazionale esigente.<\/p>\n<p>Il 55enne ha dichiarato: \u201cSentivo che fosse arrivato il momento di una nuova sfida nella mia carriera professionale, e non ho dovuto pensarci due volte quando YYachts mi ha contattato. Ho gi\u00e0 lavorato con diversi dei miei nuovi colleghi in passato, e negli ultimi anni YYachts ha costruito un team davvero eccezionale.\u201d<\/p>\n<p>Velista esperto, Bredenbeck ritiene che siamo in una posizione eccezionale per il futuro: \u201cIl design, la qualit\u00e0 e, naturalmente, le prestazioni di questi yacht sono straordinari e praticamente senza eguali nel mondo. Siamo convinti che YYachts continuer\u00e0 a entusiasmare molti nuovi proprietari negli anni a venire.\u201d<\/p>\n<p>Il nostro fondatore, Michael Schmidt, ha accolto con grande piacere questa nuova aggiunta al team: \u201cIo e Gregor abbiamo portato a termine con successo numerosi progetti insieme nel corso degli anni. Ho sempre ammirato la professionalit\u00e0 che ha dimostrato in ogni ruolo che ha svolto. Con Gregor a bordo, iniziamo un nuovo capitolo nello sviluppo delle nostre attivit\u00e0 di vendita globali.\u201d<\/p>\n","protected":false},"excerpt":{"rendered":"<p>Gregor Bredenbeck entra a far parte del nostro team con la responsabilit\u00e0 delle vendite e dell&#8217;espansione internazionale.<\/p>\n","protected":false},"author":6,"featured_media":22183,"comment_status":"closed","ping_status":"closed","sticky":false,"template":"","format":"standard","meta":{"_acf_changed":false,"inline_featured_image":false,"_vp_format_video_url":"","_vp_image_focal_point":[],"footnotes":""},"categories":[65],"tags":[],"class_list":["post-22191","post","type-post","status-publish","format-standard","has-post-thumbnail","hentry","category-company-it"],"acf":[],"yoast_head":"<!-- This site is optimized with the Yoast SEO plugin v28.2 - https:\/\/yoast.com\/product\/yoast-seo-wordpress\/ -->\n<title>YYachts rafforza il proprio team manageriale - YYachts<\/title>\n<meta name=\"robots\" content=\"index, follow, max-snippet:-1, max-image-preview:large, max-video-preview:-1\" \/>\n<link rel=\"canonical\" href=\"https:\/\/www.yyachts.de\/it\/yyachts-rafforza-il-proprio-team-manageriale\/\" \/>\n<meta property=\"og:locale\" content=\"it_IT\" \/>\n<meta property=\"og:type\" content=\"article\" \/>\n<meta property=\"og:title\" content=\"YYachts rafforza il proprio team manageriale - YYachts\" \/>\n<meta property=\"og:description\" content=\"Gregor Bredenbeck entra a far parte del nostro team con la responsabilit\u00e0 delle vendite e dell&#039;espansione internazionale.\" \/>\n<meta property=\"og:url\" content=\"https:\/\/www.yyachts.de\/it\/yyachts-rafforza-il-proprio-team-manageriale\/\" \/>\n<meta property=\"og:site_name\" content=\"YYachts\" \/>\n<meta property=\"article:publisher\" content=\"https:\/\/www.facebook.com\/yyachts.by.michael.schmidt\" \/>\n<meta property=\"article:published_time\" content=\"2026-06-18T11:46:17+00:00\" \/>\n<meta property=\"article:modified_time\" content=\"2026-06-18T11:46:29+00:00\" \/>\n<meta property=\"og:image\" content=\"https:\/\/www.yyachts.de\/wp-content\/uploads\/2026\/06\/Gregor_Bredenbeck.jpg\" \/>\n\t<meta property=\"og:image:width\" content=\"1500\" \/>\n\t<meta property=\"og:image:height\" content=\"1000\" \/>\n\t<meta property=\"og:image:type\" content=\"image\/jpeg\" \/>\n<meta name=\"author\" content=\"admin@m4m\" \/>\n<meta name=\"twitter:card\" content=\"summary_large_image\" \/>\n<meta name=\"twitter:creator\" content=\"@yyachts\" \/>\n<meta name=\"twitter:site\" content=\"@yyachts\" \/>\n<meta name=\"twitter:label1\" content=\"Written by\" \/>\n\t<meta name=\"twitter:data1\" content=\"admin@m4m\" \/>\n\t<meta name=\"twitter:label2\" content=\"Est. reading time\" \/>\n\t<meta name=\"twitter:data2\" content=\"1 minute\" \/>\n<script type=\"application\/ld+json\" class=\"yoast-schema-graph\">{\"@context\":\"https:\\\/\\\/schema.org\",\"@graph\":[{\"@type\":\"Article\",\"@id\":\"https:\\\/\\\/www.yyachts.de\\\/it\\\/yyachts-rafforza-il-proprio-team-manageriale\\\/#article\",\"isPartOf\":{\"@id\":\"https:\\\/\\\/www.yyachts.de\\\/it\\\/yyachts-rafforza-il-proprio-team-manageriale\\\/\"},\"author\":{\"name\":\"admin@m4m\",\"@id\":\"https:\\\/\\\/www.yyachts.de\\\/it\\\/#\\\/schema\\\/person\\\/779e58bc01fde2310bd59ea2ad88ff83\"},\"headline\":\"YYachts rafforza il proprio team manageriale\",\"datePublished\":\"2026-06-18T11:46:17+00:00\",\"dateModified\":\"2026-06-18T11:46:29+00:00\",\"mainEntityOfPage\":{\"@id\":\"https:\\\/\\\/www.yyachts.de\\\/it\\\/yyachts-rafforza-il-proprio-team-manageriale\\\/\"},\"wordCount\":277,\"publisher\":{\"@id\":\"https:\\\/\\\/www.yyachts.de\\\/it\\\/#organization\"},\"image\":{\"@id\":\"https:\\\/\\\/www.yyachts.de\\\/it\\\/yyachts-rafforza-il-proprio-team-manageriale\\\/#primaryimage\"},\"thumbnailUrl\":\"https:\\\/\\\/www.yyachts.de\\\/wp-content\\\/uploads\\\/2026\\\/06\\\/Gregor_Bredenbeck.jpg\",\"articleSection\":[\"Company\"],\"inLanguage\":\"it-IT\"},{\"@type\":\"WebPage\",\"@id\":\"https:\\\/\\\/www.yyachts.de\\\/it\\\/yyachts-rafforza-il-proprio-team-manageriale\\\/\",\"url\":\"https:\\\/\\\/www.yyachts.de\\\/it\\\/yyachts-rafforza-il-proprio-team-manageriale\\\/\",\"name\":\"YYachts rafforza il proprio team manageriale - YYachts\",\"isPartOf\":{\"@id\":\"https:\\\/\\\/www.yyachts.de\\\/it\\\/#website\"},\"primaryImageOfPage\":{\"@id\":\"https:\\\/\\\/www.yyachts.de\\\/it\\\/yyachts-rafforza-il-proprio-team-manageriale\\\/#primaryimage\"},\"image\":{\"@id\":\"https:\\\/\\\/www.yyachts.de\\\/it\\\/yyachts-rafforza-il-proprio-team-manageriale\\\/#primaryimage\"},\"thumbnailUrl\":\"https:\\\/\\\/www.yyachts.de\\\/wp-content\\\/uploads\\\/2026\\\/06\\\/Gregor_Bredenbeck.jpg\",\"datePublished\":\"2026-06-18T11:46:17+00:00\",\"dateModified\":\"2026-06-18T11:46:29+00:00\",\"breadcrumb\":{\"@id\":\"https:\\\/\\\/www.yyachts.de\\\/it\\\/yyachts-rafforza-il-proprio-team-manageriale\\\/#breadcrumb\"},\"inLanguage\":\"it-IT\",\"potentialAction\":[{\"@type\":\"ReadAction\",\"target\":[\"https:\\\/\\\/www.yyachts.de\\\/it\\\/yyachts-rafforza-il-proprio-team-manageriale\\\/\"]}]},{\"@type\":\"ImageObject\",\"inLanguage\":\"it-IT\",\"@id\":\"https:\\\/\\\/www.yyachts.de\\\/it\\\/yyachts-rafforza-il-proprio-team-manageriale\\\/#primaryimage\",\"url\":\"https:\\\/\\\/www.yyachts.de\\\/wp-content\\\/uploads\\\/2026\\\/06\\\/Gregor_Bredenbeck.jpg\",\"contentUrl\":\"https:\\\/\\\/www.yyachts.de\\\/wp-content\\\/uploads\\\/2026\\\/06\\\/Gregor_Bredenbeck.jpg\",\"width\":1500,\"height\":1000},{\"@type\":\"BreadcrumbList\",\"@id\":\"https:\\\/\\\/www.yyachts.de\\\/it\\\/yyachts-rafforza-il-proprio-team-manageriale\\\/#breadcrumb\",\"itemListElement\":[{\"@type\":\"ListItem\",\"position\":1,\"name\":\"Home\",\"item\":\"https:\\\/\\\/www.yyachts.de\\\/it\\\/\"},{\"@type\":\"ListItem\",\"position\":2,\"name\":\"YYachts rafforza il proprio team manageriale\"}]},{\"@type\":\"WebSite\",\"@id\":\"https:\\\/\\\/www.yyachts.de\\\/it\\\/#website\",\"url\":\"https:\\\/\\\/www.yyachts.de\\\/it\\\/\",\"name\":\"YYachts\",\"description\":\"\",\"publisher\":{\"@id\":\"https:\\\/\\\/www.yyachts.de\\\/it\\\/#organization\"},\"potentialAction\":[{\"@type\":\"SearchAction\",\"target\":{\"@type\":\"EntryPoint\",\"urlTemplate\":\"https:\\\/\\\/www.yyachts.de\\\/it\\\/?s={search_term_string}\"},\"query-input\":{\"@type\":\"PropertyValueSpecification\",\"valueRequired\":true,\"valueName\":\"search_term_string\"}}],\"inLanguage\":\"it-IT\"},{\"@type\":\"Organization\",\"@id\":\"https:\\\/\\\/www.yyachts.de\\\/it\\\/#organization\",\"name\":\"YYachts\",\"url\":\"https:\\\/\\\/www.yyachts.de\\\/it\\\/\",\"logo\":{\"@type\":\"ImageObject\",\"inLanguage\":\"it-IT\",\"@id\":\"https:\\\/\\\/www.yyachts.de\\\/it\\\/#\\\/schema\\\/logo\\\/image\\\/\",\"url\":\"https:\\\/\\\/www.yyachts.de\\\/wp-content\\\/uploads\\\/2025\\\/01\\\/Unknown.png\",\"contentUrl\":\"https:\\\/\\\/www.yyachts.de\\\/wp-content\\\/uploads\\\/2025\\\/01\\\/Unknown.png\",\"width\":200,\"height\":200,\"caption\":\"YYachts\"},\"image\":{\"@id\":\"https:\\\/\\\/www.yyachts.de\\\/it\\\/#\\\/schema\\\/logo\\\/image\\\/\"},\"sameAs\":[\"https:\\\/\\\/www.facebook.com\\\/yyachts.by.michael.schmidt\",\"https:\\\/\\\/x.com\\\/yyachts\",\"https:\\\/\\\/www.instagram.com\\\/yyachts_by_michael_schmidt\\\/\",\"https:\\\/\\\/www.youtube.com\\\/channel\\\/UC3TfO7cCcy0DKJasqTMk1JQ?ybp=-gEfWVlBQ0hUUyBORVdTTEVUVEVSIEpBTlVBUlkgMjAyNQ3D3D\"]},{\"@type\":\"Person\",\"@id\":\"https:\\\/\\\/www.yyachts.de\\\/it\\\/#\\\/schema\\\/person\\\/779e58bc01fde2310bd59ea2ad88ff83\",\"name\":\"admin@m4m\",\"image\":{\"@type\":\"ImageObject\",\"inLanguage\":\"it-IT\",\"@id\":\"https:\\\/\\\/secure.gravatar.com\\\/avatar\\\/2e3b6ddc4cfca1cf939a10084990b69feb5c30a46597fe3d56364f403ace3a5f?s=96&d=mm&r=g\",\"url\":\"https:\\\/\\\/secure.gravatar.com\\\/avatar\\\/2e3b6ddc4cfca1cf939a10084990b69feb5c30a46597fe3d56364f403ace3a5f?s=96&d=mm&r=g\",\"contentUrl\":\"https:\\\/\\\/secure.gravatar.com\\\/avatar\\\/2e3b6ddc4cfca1cf939a10084990b69feb5c30a46597fe3d56364f403ace3a5f?s=96&d=mm&r=g\",\"caption\":\"admin@m4m\"},\"url\":\"https:\\\/\\\/www.yyachts.de\\\/it\\\/author\\\/adminm4m\\\/\"}]}<\/script>\n<!-- \/ Yoast SEO plugin. -->","yoast_head_json":{"title":"YYachts rafforza il proprio team manageriale - YYachts","robots":{"index":"index","follow":"follow","max-snippet":"max-snippet:-1","max-image-preview":"max-image-preview:large","max-video-preview":"max-video-preview:-1"},"canonical":"https:\/\/www.yyachts.de\/it\/yyachts-rafforza-il-proprio-team-manageriale\/","og_locale":"it_IT","og_type":"article","og_title":"YYachts rafforza il proprio team manageriale - YYachts","og_description":"Gregor Bredenbeck entra a far parte del nostro team con la responsabilit\u00e0 delle vendite e dell'espansione internazionale.","og_url":"https:\/\/www.yyachts.de\/it\/yyachts-rafforza-il-proprio-team-manageriale\/","og_site_name":"YYachts","article_publisher":"https:\/\/www.facebook.com\/yyachts.by.michael.schmidt","article_published_time":"2026-06-18T11:46:17+00:00","article_modified_time":"2026-06-18T11:46:29+00:00","og_image":[{"width":1500,"height":1000,"url":"https:\/\/www.yyachts.de\/wp-content\/uploads\/2026\/06\/Gregor_Bredenbeck.jpg","type":"image\/jpeg"}],"author":"admin@m4m","twitter_card":"summary_large_image","twitter_creator":"@yyachts","twitter_site":"@yyachts","twitter_misc":{"Written by":"admin@m4m","Est. reading time":"1 minute"},"schema":{"@context":"https:\/\/schema.org","@graph":[{"@type":"Article","@id":"https:\/\/www.yyachts.de\/it\/yyachts-rafforza-il-proprio-team-manageriale\/#article","isPartOf":{"@id":"https:\/\/www.yyachts.de\/it\/yyachts-rafforza-il-proprio-team-manageriale\/"},"author":{"name":"admin@m4m","@id":"https:\/\/www.yyachts.de\/it\/#\/schema\/person\/779e58bc01fde2310bd59ea2ad88ff83"},"headline":"YYachts rafforza il proprio team manageriale","datePublished":"2026-06-18T11:46:17+00:00","dateModified":"2026-06-18T11:46:29+00:00","mainEntityOfPage":{"@id":"https:\/\/www.yyachts.de\/it\/yyachts-rafforza-il-proprio-team-manageriale\/"},"wordCount":277,"publisher":{"@id":"https:\/\/www.yyachts.de\/it\/#organization"},"image":{"@id":"https:\/\/www.yyachts.de\/it\/yyachts-rafforza-il-proprio-team-manageriale\/#primaryimage"},"thumbnailUrl":"https:\/\/www.yyachts.de\/wp-content\/uploads\/2026\/06\/Gregor_Bredenbeck.jpg","articleSection":["Company"],"inLanguage":"it-IT"},{"@type":"WebPage","@id":"https:\/\/www.yyachts.de\/it\/yyachts-rafforza-il-proprio-team-manageriale\/","url":"https:\/\/www.yyachts.de\/it\/yyachts-rafforza-il-proprio-team-manageriale\/","name":"YYachts rafforza il proprio team manageriale - YYachts","isPartOf":{"@id":"https:\/\/www.yyachts.de\/it\/#website"},"primaryImageOfPage":{"@id":"https:\/\/www.yyachts.de\/it\/yyachts-rafforza-il-proprio-team-manageriale\/#primaryimage"},"image":{"@id":"https:\/\/www.yyachts.de\/it\/yyachts-rafforza-il-proprio-team-manageriale\/#primaryimage"},"thumbnailUrl":"https:\/\/www.yyachts.de\/wp-content\/uploads\/2026\/06\/Gregor_Bredenbeck.jpg","datePublished":"2026-06-18T11:46:17+00:00","dateModified":"2026-06-18T11:46:29+00:00","breadcrumb":{"@id":"https:\/\/www.yyachts.de\/it\/yyachts-rafforza-il-proprio-team-manageriale\/#breadcrumb"},"inLanguage":"it-IT","potentialAction":[{"@type":"ReadAction","target":["https:\/\/www.yyachts.de\/it\/yyachts-rafforza-il-proprio-team-manageriale\/"]}]},{"@type":"ImageObject","inLanguage":"it-IT","@id":"https:\/\/www.yyachts.de\/it\/yyachts-rafforza-il-proprio-team-manageriale\/#primaryimage","url":"https:\/\/www.yyachts.de\/wp-content\/uploads\/2026\/06\/Gregor_Bredenbeck.jpg","contentUrl":"https:\/\/www.yyachts.de\/wp-content\/uploads\/2026\/06\/Gregor_Bredenbeck.jpg","width":1500,"height":1000},{"@type":"BreadcrumbList","@id":"https:\/\/www.yyachts.de\/it\/yyachts-rafforza-il-proprio-team-manageriale\/#breadcrumb","itemListElement":[{"@type":"ListItem","position":1,"name":"Home","item":"https:\/\/www.yyachts.de\/it\/"},{"@type":"ListItem","position":2,"name":"YYachts rafforza il proprio team manageriale"}]},{"@type":"WebSite","@id":"https:\/\/www.yyachts.de\/it\/#website","url":"https:\/\/www.yyachts.de\/it\/","name":"YYachts","description":"","publisher":{"@id":"https:\/\/www.yyachts.de\/it\/#organization"},"potentialAction":[{"@type":"SearchAction","target":{"@type":"EntryPoint","urlTemplate":"https:\/\/www.yyachts.de\/it\/?s={search_term_string}"},"query-input":{"@type":"PropertyValueSpecification","valueRequired":true,"valueName":"search_term_string"}}],"inLanguage":"it-IT"},{"@type":"Organization","@id":"https:\/\/www.yyachts.de\/it\/#organization","name":"YYachts","url":"https:\/\/www.yyachts.de\/it\/","logo":{"@type":"ImageObject","inLanguage":"it-IT","@id":"https:\/\/www.yyachts.de\/it\/#\/schema\/logo\/image\/","url":"https:\/\/www.yyachts.de\/wp-content\/uploads\/2025\/01\/Unknown.png","contentUrl":"https:\/\/www.yyachts.de\/wp-content\/uploads\/2025\/01\/Unknown.png","width":200,"height":200,"caption":"YYachts"},"image":{"@id":"https:\/\/www.yyachts.de\/it\/#\/schema\/logo\/image\/"},"sameAs":["https:\/\/www.facebook.com\/yyachts.by.michael.schmidt","https:\/\/x.com\/yyachts","https:\/\/www.instagram.com\/yyachts_by_michael_schmidt\/","https:\/\/www.youtube.com\/channel\/UC3TfO7cCcy0DKJasqTMk1JQ?ybp=-gEfWVlBQ0hUUyBORVdTTEVUVEVSIEpBTlVBUlkgMjAyNQ3D3D"]},{"@type":"Person","@id":"https:\/\/www.yyachts.de\/it\/#\/schema\/person\/779e58bc01fde2310bd59ea2ad88ff83","name":"admin@m4m","image":{"@type":"ImageObject","inLanguage":"it-IT","@id":"https:\/\/secure.gravatar.com\/avatar\/2e3b6ddc4cfca1cf939a10084990b69feb5c30a46597fe3d56364f403ace3a5f?s=96&d=mm&r=g","url":"https:\/\/secure.gravatar.com\/avatar\/2e3b6ddc4cfca1cf939a10084990b69feb5c30a46597fe3d56364f403ace3a5f?s=96&d=mm&r=g","contentUrl":"https:\/\/secure.gravatar.com\/avatar\/2e3b6ddc4cfca1cf939a10084990b69feb5c30a46597fe3d56364f403ace3a5f?s=96&d=mm&r=g","caption":"admin@m4m"},"url":"https:\/\/www.yyachts.de\/it\/author\/adminm4m\/"}]}},"_links":{"self":[{"href":"https:\/\/www.yyachts.de\/it\/wp-json\/wp\/v2\/posts\/22191","targetHints":{"allow":["GET"]}}],"collection":[{"href":"https:\/\/www.yyachts.de\/it\/wp-json\/wp\/v2\/posts"}],"about":[{"href":"https:\/\/www.yyachts.de\/it\/wp-json\/wp\/v2\/types\/post"}],"author":[{"embeddable":true,"href":"https:\/\/www.yyachts.de\/it\/wp-json\/wp\/v2\/users\/6"}],"replies":[{"embeddable":true,"href":"https:\/\/www.yyachts.de\/it\/wp-json\/wp\/v2\/comments?post=22191"}],"version-history":[{"count":1,"href":"https:\/\/www.yyachts.de\/it\/wp-json\/wp\/v2\/posts\/22191\/revisions"}],"predecessor-version":[{"id":22194,"href":"https:\/\/www.yyachts.de\/it\/wp-json\/wp\/v2\/posts\/22191\/revisions\/22194"}],"wp:featuredmedia":[{"embeddable":true,"href":"https:\/\/www.yyachts.de\/it\/wp-json\/wp\/v2\/media\/22183"}],"wp:attachment":[{"href":"https:\/\/www.yyachts.de\/it\/wp-json\/wp\/v2\/media?parent=22191"}],"wp:term":[{"taxonomy":"category","embeddable":true,"href":"https:\/\/www.yyachts.de\/it\/wp-json\/wp\/v2\/categories?post=22191"},{"taxonomy":"post_tag","embeddable":true,"href":"https:\/\/www.yyachts.de\/it\/wp-json\/wp\/v2\/tags?post=22191"}],"curies":[{"name":"wp","href":"https:\/\/api.w.org\/{rel}","templated":true}]}}